{"id":3491,"date":"2026-01-12T18:50:05","date_gmt":"2026-01-12T17:50:05","guid":{"rendered":"https:\/\/magazyn-ambasador.pl\/?p=3491"},"modified":"2026-01-18T09:12:35","modified_gmt":"2026-01-18T08:12:35","slug":"hungarys-national-day-commemorating-the-1956-revolution-and-fight-for-freedom","status":"publish","type":"post","link":"https:\/\/magazyn-ambasador.pl\/en\/hungarys-national-day-commemorating-the-1956-revolution-and-fight-for-freedom\/","title":{"rendered":"Hungary\u2019s National Day Commemorating the 1956 Revolution and Fight for Freedom"},"content":{"rendered":"<p style=\"text-align: justify;\"><strong>On 22 October 2025, the Ambassador of Hungary to Poland, H.E. Istv\u00e1n \u00cdjgy\u00e1rt\u00f3, hosted a ceremonial reception to mark Hungary\u2019s National Day, commemorating the 1956 revolution and the nation\u2019s struggle for freedom.<\/strong><\/p>\n<p style=\"text-align: justify;\">The event began with the national anthems of Hungary, Poland, and the European Union. Ambassador \u00cdjgy\u00e1rt\u00f3 then delivered remarks reflecting on Hungary\u2019s fight for independence and the enduring bonds of Polish-Hungarian solidarity. In his address, the Ambassador emphasized the historical significance of the two nations\u2019 intertwined past:<br \/>\n\u2013 <em>There could be no more dignified way to honour a thousand years of Hungarian-Polish brotherly relations than by underscoring that it is impossible to speak of two major Hungarian national holidays without recognizing their Polish dimension. During the uprisings and struggles for independence in 1848 and 1849, thousands of Polish volunteers fought side by side with Hungarians and shed their blood.<\/em><\/p>\n<div class=\"wiecej\"><a href=\"http:\/\/magazyn-ambasador.pl\/e-wydanie\/\">Wi\u0119cej w nr 57 magazynu<\/a><\/div>\n<p><span class=\"rozmyte\">Lorem ipsum dolor sit amet, consectetur adipiscing elit, sed do eiusmod tempor incididunt ut labore et dolore magna aliqua. Tellus in metus vulputate eu scelerisque felis imperdiet proin. Non blandit massa enim nec dui nunc mattis enim. Vestibulum rhoncus est pellentesque elit ullamcorper dignissim. Nulla porttitor massa id neque aliquam vestibulum. Odio euismod lacinia at quis risus sed vulputate odio. Laoreet sit amet cursus sit amet dictum. Elementum curabitur vitae nunc sed velit dignissim. Pulvinar elementum integer enim neque volutpat ac tincidunt vitae. Elementum integer enim neque volutpat ac tincidunt vitae semper quis. Leo vel orci porta non. <\/span><\/p>\n","protected":false},"excerpt":{"rendered":"<p>On 22 October 2025, the Ambassador of Hungary to Poland, H.E. Istv\u00e1n \u00cdjgy\u00e1rt\u00f3, hosted a ceremonial reception to mark Hungary\u2019s National Day, commemorating the 1956 revolution and the nation\u2019s struggle for freedom. The event began with the national anthems of Hungary, Poland, and the European Union. Ambassador \u00cdjgy\u00e1rt\u00f3 then delivered remarks reflecting on Hungary\u2019s fight for independence and the enduring bonds of Polish-Hungarian solidarity. In his address, the Ambassador emphasized the historical significance of the two nations\u2019 intertwined past: \u2013 There could be no more dignified way to honour a thousand years of Hungarian-Polish brotherly relations than by underscoring that<\/p>\n","protected":false},"author":1,"featured_media":3323,"comment_status":"open","ping_status":"open","sticky":false,"template":"","format":"standard","meta":{"inline_featured_image":false,"footnotes":""},"categories":[49,50],"tags":[],"class_list":["post-3491","post","type-post","status-publish","format-standard","has-post-thumbnail","hentry","category-diplomacy","category-diplomatic-salon"],"_links":{"self":[{"href":"https:\/\/magazyn-ambasador.pl\/en\/wp-json\/wp\/v2\/posts\/3491","targetHints":{"allow":["GET"]}}],"collection":[{"href":"https:\/\/magazyn-ambasador.pl\/en\/wp-json\/wp\/v2\/posts"}],"about":[{"href":"https:\/\/magazyn-ambasador.pl\/en\/wp-json\/wp\/v2\/types\/post"}],"author":[{"embeddable":true,"href":"https:\/\/magazyn-ambasador.pl\/en\/wp-json\/wp\/v2\/users\/1"}],"replies":[{"embeddable":true,"href":"https:\/\/magazyn-ambasador.pl\/en\/wp-json\/wp\/v2\/comments?post=3491"}],"version-history":[{"count":1,"href":"https:\/\/magazyn-ambasador.pl\/en\/wp-json\/wp\/v2\/posts\/3491\/revisions"}],"predecessor-version":[{"id":3492,"href":"https:\/\/magazyn-ambasador.pl\/en\/wp-json\/wp\/v2\/posts\/3491\/revisions\/3492"}],"wp:featuredmedia":[{"embeddable":true,"href":"https:\/\/magazyn-ambasador.pl\/en\/wp-json\/wp\/v2\/media\/3323"}],"wp:attachment":[{"href":"https:\/\/magazyn-ambasador.pl\/en\/wp-json\/wp\/v2\/media?parent=3491"}],"wp:term":[{"taxonomy":"category","embeddable":true,"href":"https:\/\/magazyn-ambasador.pl\/en\/wp-json\/wp\/v2\/categories?post=3491"},{"taxonomy":"post_tag","embeddable":true,"href":"https:\/\/magazyn-ambasador.pl\/en\/wp-json\/wp\/v2\/tags?post=3491"}],"curies":[{"name":"wp","href":"https:\/\/api.w.org\/{rel}","templated":true}]}}